{"id":1647,"date":"2023-05-04T12:15:30","date_gmt":"2023-05-04T15:15:30","guid":{"rendered":"https:\/\/pse.der.unicen.edu.ar\/?p=1647"},"modified":"2026-08-25T11:00:49","modified_gmt":"2026-08-25T14:00:49","slug":"redes-y-ecosistema-emprendedor","status":"publish","type":"post","link":"https:\/\/pse.der.unicen.edu.ar\/?p=1647","title":{"rendered":"HISTORIA Y EDUCACI\u00d3N"},"content":{"rendered":"\n<p><strong>T\u00edtulo del trayecto:<\/strong>&nbsp;\u201cHistoria y Educacion\u201d<\/p>\n\n\n\n<p><strong>Docente responsable:<\/strong> Tom\u00e1s Puppio<\/p>\n\n\n\n<p><strong>Equipo extensionista:&nbsp;<\/strong><\/p>\n\n\n\n<p>Renzo Piu Block (Director del proyecto)<\/p>\n\n\n\n<p>Ximena Gandolfo (Directora del proyecto)<\/p>\n\n\n\n<p>Centro de Estudiantes de la Facultad de Derecho, Agrupaci\u00f3n PUA (coordinador)<\/p>\n\n\n\n<p>Gerardo Cerabona, Agustina Lomolino, Tom\u00e1s Puppio (docentes colaboradores)<\/p>\n\n\n\n<p><strong>Sobre el proyecto:&nbsp;<\/strong><\/p>\n\n\n\n<p>La presente pr\u00e1ctica socioeducativa se inscribe en la perspectiva de la extensi\u00f3n cr\u00edtica, dirigida a estudiantes de la misma carrera, cursando en sede y en el marco del Programa de Educaci\u00f3n en Contexto de Encierro (PECE). El trayecto se organiza, por lo tanto, en torno al di\u00e1logo de saberes entre ambos grupos, partiendo del reconocimiento de que la experiencia de estudiar en contexto de encierro constituye un saber situado sin el cual el derecho a la educaci\u00f3n no puede comprenderse en su dimensi\u00f3n real.<\/p>\n\n\n\n<p>La misma supone abandonar la transferencia unidireccional del conocimiento y reconocer a quienes participan de la misma como co-productores del saber. Por lo tanto, plantea el di\u00e1logo de saberes entre ambos grupos participantes, partiendo del reconocimiento de que la experiencia de estudiar en contexto de encierro constituye un saber situado sin el cual el derecho a la educaci\u00f3n no puede comprenderse en su dimensi\u00f3n real.<\/p>\n\n\n\n<p>La pr\u00e1ctica no solo propone informar sobre el derecho a la educaci\u00f3n, sino poder producir colectivamente una lectura cr\u00edtica de su ejercicio.<\/p>\n\n\n\n<p>Encuentra su objetivo en el desarrollo del derecho a la educaci\u00f3n y su realizaci\u00f3n con el sistema punitivo en el mundo y Argentina.<\/p>\n\n\n\n<p><strong>Objetivos generales:&nbsp;<\/strong><\/p>\n\n\n\n<ul class=\"wp-block-list\">\n<li>Reconocer a la educaci\u00f3n como derecho humano fundamental, su recepci\u00f3n constitucional y convencional.<\/li>\n\n\n\n<li>Analizar la evoluci\u00f3n del acceso a la educaci\u00f3n en las unidades penitenciarias.<\/li>\n\n\n\n<li>Analizar principales hitos y desarrollos hist\u00f3ricos del sistema punitivo.<\/li>\n\n\n\n<li>Identificar los principales modelos y teor\u00edas en torno al sistema penitenciario.<\/li>\n\n\n\n<li>Construir colectivamente, entre estudiantes de sede y del PECE, una lectura situada sobre los obst\u00e1culos y las condiciones de ejercicio de ese derecho<\/li>\n<\/ul>\n\n\n\n<p><\/p>\n\n\n\n<p><strong>Actividades que deber\u00e1n desarrollar los\/as estudiantes universitarios\/as:&nbsp;<\/strong><\/p>\n\n\n\n<p><strong>Primer encuentro:<\/strong> se abrir\u00e1 con un espacio de reflexi\u00f3n colectiva sobre qu\u00e9 implica estudiar en un contexto de encierro, abordando el significado que la educaci\u00f3n adquiere para cada estudiante y el lugar que ocupa dentro de su proyecto de vida. <\/p>\n\n\n\n<p>Se buscar\u00e1 promover el intercambio de experiencias personales con el objetivo de comprender c\u00f3mo la formaci\u00f3n universitaria puede convertirse en una herramienta de desarrollo. Tambi\u00e9n se introducir\u00e1 el derecho a la educaci\u00f3n como un derecho humano fundamental, destacando su reconocimiento constitucional e internacional. Este primer acercamiento permitir\u00e1 establecer el eje central de la PSE: comprender a la educaci\u00f3n como un derecho fundamental. <\/p>\n\n\n\n<p><strong>Segundo encuentro: <\/strong>se centrar\u00e1 en el abordaje de la evoluci\u00f3n hist\u00f3rica del acceso a la educaci\u00f3n en las unidades penitenciarias, analizando c\u00f3mo este derecho fue consolid\u00e1ndose progresivamente dentro del sistema de ejecuci\u00f3n penal. Se reflexionar\u00e1 sobre el alcance del derecho a la educaci\u00f3n en contexto de encierro, haciendo especial \u00e9nfasis en que la privaci\u00f3n de la libertad ambulatoria no no implica la p\u00e9rdida de los dem\u00e1s derechos fundamentales, y en la educaci\u00f3n como herramienta que favorece el desarrollo personal, el ejercicio de la ciudadan\u00eda y el fortalecimiento de los procesos de reinserci\u00f3n social.<\/p>\n\n\n\n<p><strong>Tercer encuentro: <\/strong>estar\u00e1 destinado a la construcci\u00f3n colectiva del podcast como producto final de la Pr\u00e1ctica Socioeducativa. Se definir\u00e1n las principales tem\u00e1ticas a transmitir, procurando que el contenido refleje las experiencias, reflexiones y aprendizajes surgidos durante los encuentros anteriores; se elaborar\u00e1n de manera participativa las preguntas que orientar\u00e1n el di\u00e1logo; se conformar\u00e1n los grupos de trabajo y se distribuir\u00e1n responsabilidades (presentaci\u00f3n, entrevistas, moderaci\u00f3n); y se realizar\u00e1 un ensayo general. Antes de esta instancia, el equipo deber\u00e1 prever y explicitar el equipamiento de grabaci\u00f3n y edici\u00f3n disponible.<\/p>\n\n\n\n<p><strong>Cuarto encuentro:<\/strong> tendr\u00e1 como finalidad la elaboraci\u00f3n del producto final mediante la grabaci\u00f3n del podcast o, n caso de que las condiciones institucionales no lo permitan, la realizaci\u00f3n de una exposici\u00f3n oral basada en el trabajo desarrollado durante los encuentros anteriores. Esta instancia buscar\u00e1 visibilizar el valor de la educaci\u00f3n como un derecho humano, una herramienta de transformaci\u00f3n personal y un componente esencial para la construcci\u00f3n de proyectos de vida.<\/p>\n\n\n\n<p><strong>Modalidad y organizaci\u00f3n de los encuentros<\/strong><\/p>\n\n\n\n<ul class=\"wp-block-list\">\n<li><strong>Modalidad:<\/strong> presencial<\/li>\n\n\n\n<li><strong>Franja horaria:<\/strong> ma\u00f1ana<\/li>\n\n\n\n<li><strong>Fechas estimadas de realizaci\u00f3n: <\/strong>del 12 de octubre al 20 de noviembre de 2026<\/li>\n\n\n\n<li><strong>Cupos: <\/strong>30 estudiantes (4 cupos exclusivos para PECE)<\/li>\n<\/ul>\n\n\n\n<p><\/p>\n\n\n\n<p><strong>Requisito:<\/strong> <\/p>\n\n\n\n<p>Destinado a Estudiantes de la carrera de Abogac\u00eda de la Facultad de Derecho UNICEN residentes de la localidad de Azul. Y alumnos que cursan la carrera en el marco del programa en contexto de encierro (PECE). Ser\u00e1 requisito tener aprobado el final o la cursada de derechos humanos, derecho penal parte general y teor\u00eda de la responsabilidad penal.<\/p>\n\n\n\n<p><strong>Cantidad de cr\u00e9ditos propuestos:<\/strong><\/p>\n\n\n\n<p>Se computar\u00e1n 12,5 horas (0.5 Cr\u00e9ditos) PSE para alumnxs de Abogac\u00eda. Las obtendr\u00e1 quien pueda participar del 100% de los encuentros o presente certificado que justifique la ausencia en uno de los dos encuentros te\u00f3ricos, siendo la parte pr\u00e1ctica de car\u00e1cter obligatorio y condicionante para la acreditaci\u00f3n de las horas PSE.<\/p>\n\n\n\n<p><strong>Cronograma de actividades<\/strong><\/p>\n\n\n\n<figure class=\"wp-block-table\"><table class=\"has-fixed-layout\"><tbody><tr><td><strong>Actividad<\/strong><\/td><td><strong>Fecha<\/strong><\/td><\/tr><tr><td>1\u00ba encuentro<\/td><td>12 al 16 de octubre<\/td><\/tr><tr><td>2\u00ba encuentro<\/td><td>19 al 23 de octubre 2026<\/td><\/tr><tr><td>3\u00ba encuentro<\/td><td>26 al 30 de octubre<\/td><\/tr><tr><td>4\u00ba encuentro<\/td><td>16 al 20 de noviembre<\/td><\/tr><\/tbody><\/table><\/figure>\n\n\n\n<p><strong><a href=\"https:\/\/rpse.der.unicen.edu.ar\/estudiantes\/inscripcion.php?tk=31b93761358f6b7c561c86557393acb3f6d2bade\" data-type=\"link\" data-id=\"https:\/\/rpse.der.unicen.edu.ar\/estudiantes\/inscripcion.php?tk=31b93761358f6b7c561c86557393acb3f6d2bade\">INSCRIPCI\u00d3N AQU\u00cd<\/a><\/strong><\/p>\n ","protected":false},"excerpt":{"rendered":"<p class=\"tx-excerpt\">T\u00edtulo del trayecto:&nbsp;\u201cHistoria y Educacion\u201d Docente responsable: Tom\u00e1s Puppio Equipo extensionista:&nbsp; Renzo Piu Block (Director del proyecto) Ximena Gandolfo (Directora del proyecto) Centro de Estudiantes...<\/p>","protected":false},"author":2,"featured_media":2181,"comment_status":"open","ping_status":"open","sticky":false,"template":"","format":"standard","meta":{"footnotes":""},"categories":[61],"tags":[15],"class_list":["post-1647","post","type-post","status-publish","format-standard","has-post-thumbnail","hentry","category-info-para-ingresantes","tag-wordpress"],"_links":{"self":[{"href":"https:\/\/pse.der.unicen.edu.ar\/index.php?rest_route=\/wp\/v2\/posts\/1647","targetHints":{"allow":["GET"]}}],"collection":[{"href":"https:\/\/pse.der.unicen.edu.ar\/index.php?rest_route=\/wp\/v2\/posts"}],"about":[{"href":"https:\/\/pse.der.unicen.edu.ar\/index.php?rest_route=\/wp\/v2\/types\/post"}],"author":[{"embeddable":true,"href":"https:\/\/pse.der.unicen.edu.ar\/index.php?rest_route=\/wp\/v2\/users\/2"}],"replies":[{"embeddable":true,"href":"https:\/\/pse.der.unicen.edu.ar\/index.php?rest_route=%2Fwp%2Fv2%2Fcomments&post=1647"}],"version-history":[{"count":7,"href":"https:\/\/pse.der.unicen.edu.ar\/index.php?rest_route=\/wp\/v2\/posts\/1647\/revisions"}],"predecessor-version":[{"id":2208,"href":"https:\/\/pse.der.unicen.edu.ar\/index.php?rest_route=\/wp\/v2\/posts\/1647\/revisions\/2208"}],"wp:featuredmedia":[{"embeddable":true,"href":"https:\/\/pse.der.unicen.edu.ar\/index.php?rest_route=\/wp\/v2\/media\/2181"}],"wp:attachment":[{"href":"https:\/\/pse.der.unicen.edu.ar\/index.php?rest_route=%2Fwp%2Fv2%2Fmedia&parent=1647"}],"wp:term":[{"taxonomy":"category","embeddable":true,"href":"https:\/\/pse.der.unicen.edu.ar\/index.php?rest_route=%2Fwp%2Fv2%2Fcategories&post=1647"},{"taxonomy":"post_tag","embeddable":true,"href":"https:\/\/pse.der.unicen.edu.ar\/index.php?rest_route=%2Fwp%2Fv2%2Ftags&post=1647"}],"curies":[{"name":"wp","href":"https:\/\/api.w.org\/{rel}","templated":true}]}}