{"id":2058,"date":"2026-03-30T12:46:10","date_gmt":"2026-03-30T15:46:10","guid":{"rendered":"https:\/\/pse.der.unicen.edu.ar\/?p=2058"},"modified":"2026-08-25T11:02:48","modified_gmt":"2026-08-25T14:02:48","slug":"catedra-coop-unicen-2026","status":"publish","type":"post","link":"https:\/\/pse.der.unicen.edu.ar\/?p=2058","title":{"rendered":"Diagn\u00f3stico de acceso a derechos culturales en centros culturales y espacios comunitarios de Azul"},"content":{"rendered":"\t\t<div data-elementor-type=\"wp-post\" data-elementor-id=\"2058\" class=\"elementor elementor-2058\" data-elementor-post-type=\"post\">\n\t\t\t\t\t\t<section class=\"elementor-section elementor-top-section elementor-element elementor-element-bcc8198 elementor-section-boxed elementor-section-height-default elementor-section-height-default\" data-id=\"bcc8198\" data-element_type=\"section\" data-e-type=\"section\">\n\t\t\t\t\t\t<div class=\"elementor-container elementor-column-gap-default\">\n\t\t\t\t\t<div class=\"elementor-column elementor-col-100 elementor-top-column elementor-element elementor-element-6d506eb7\" data-id=\"6d506eb7\" data-element_type=\"column\" data-e-type=\"column\">\n\t\t\t<div class=\"elementor-widget-wrap elementor-element-populated\">\n\t\t\t\t\t\t<div class=\"elementor-element elementor-element-11748ea1 elementor-widget elementor-widget-text-editor\" data-id=\"11748ea1\" data-element_type=\"widget\" data-e-type=\"widget\" data-widget_type=\"text-editor.default\">\n\t\t\t\t<div class=\"elementor-widget-container\">\n\t\t\t\t\t\t\t\t\t\n<p><strong>Docente responsable<\/strong><\/p>\n<section class=\"elementor-section elementor-top-section elementor-element elementor-element-60fb95a elementor-section-boxed elementor-section-height-default elementor-section-height-default\" data-id=\"60fb95a\" data-element_type=\"section\" data-e-type=\"section\">\n<div class=\"elementor-container elementor-column-gap-default\">\n<div class=\"elementor-column elementor-col-100 elementor-top-column elementor-element elementor-element-08584cc\" data-id=\"08584cc\" data-element_type=\"column\" data-e-type=\"column\">\n<div class=\"elementor-widget-wrap elementor-element-populated\">\n<div class=\"elementor-element elementor-element-a3d42cf elementor-widget elementor-widget-text-editor\" data-id=\"a3d42cf\" data-element_type=\"widget\" data-e-type=\"widget\" data-widget_type=\"text-editor.default\">\n<div class=\"elementor-widget-container\">\n<p>Ezequiel Valicenti<\/p>\n<p><strong>Equipo extensionista<\/strong><br \/>Ezequiel Valicenti (docente responsable); Rita Casta\u00f1o y Mat\u00edas Martel, no docentes de la Secretar\u00eda de Extensi\u00f3n y Vinculaci\u00f3n e integrantes del Centro Cultural Digital; Mateo Block y Santiago Lozano, estudiantes e integrantes del Centro Cultural Digital.<\/p>\n<p>\u00a0<\/p>\n<p><b>Resumen de la propuesta<\/b><\/p>\n<p>La presente propuesta se enmarca en el Centro Cultural Digital (<a href=\"https:\/\/ccd.der.unicen.edu.ar\/\">https:\/\/ccd.der.unicen.edu.ar<\/a>) y busca realizar una primera medici\u00f3n del nivel de satisfacci\u00f3n de los derechos culturales en centros culturales y otros espacios comunitarios de acceso a la cultura. La pr\u00e1ctica combina formaci\u00f3n conceptual y trabajo de campo: tras un encuentro inicial en el que se brindar\u00e1n las categor\u00edas b\u00e1sicas para pensar los derechos culturales, con apoyo en el Manual de derechos culturales\u00a0\u00a0\u00a0\u00a0\u00a0\u00a0\u00a0\u00a0\u00a0\u00a0\u00a0\u00a0\u00a0\u00a0\u00a0\u00a0\u00a0\u00a0\u00a0\u00a0\u00a0\u00a0\u00a0\u00a0\u00a0\u00a0\u00a0\u00a0\u00a0 (<a href=\"https:\/\/www.editorialteseo.com\/archivos\/38730\/manual-de-derechos-culturales\/\">https:\/\/www.editorialteseo.com\/archivos\/38730\/manual-de-derechos-culturales\/<\/a>), los\/as estudiantes dise\u00f1ar\u00e1n colaborativamente un instrumento de entrevista, lo aplicar\u00e1n a cinco referentes de espacios culturales seleccionados por el equipo docente seg\u00fan su distribuci\u00f3n territorial y la relevancia de sus funciones, y sistematizar\u00e1n los resultados en un breve informe grupal. La propuesta procura que los\/as estudiantes de la carrera de Abogac\u00eda se aproximen, desde una perspectiva situada, al modo en que se ejercen o se ven obstaculizados los derechos culturales en la vida cotidiana de las comunidades,<\/p>\n<p>articulando herramientas conceptuales del derecho con t\u00e9cnicas b\u00e1sicas de investigaci\u00f3n social y fortaleciendo su compromiso con la extensi\u00f3n universitaria.<\/p>\n<p>\u00a0<\/p>\n<p><strong>Objetivos<\/strong><\/p>\n<p>Brindar a los\/as estudiantes categor\u00edas conceptuales b\u00e1sicas para comprender el contenido y el alcance de los derechos culturales.<\/p>\n<p>Desarrollar habilidades para el dise\u00f1o de instrumentos de recolecci\u00f3n de datos, la realizaci\u00f3n de entrevistas y la sistematizaci\u00f3n de informaci\u00f3n cualitativa.<\/p>\n<p>Elaborar una primera aproximaci\u00f3n diagn\u00f3stica sobre el estado de satisfacci\u00f3n de<\/p>\n<p>los derechos culturales en el territorio, como insumo para futuras l\u00edneas de trabajo del Centro Cultural Digital, incluido un futuro proyecto de extensi\u00f3n.<\/p>\n<p>\u00a0<\/p>\n<p><strong>Actividades a desarrollar por los\/as estudiantes<\/strong><\/p>\n<ul>\n<li><strong><em>Encuentro de formaci\u00f3n (2 hs.): <\/em><\/strong>se brindar\u00e1 una introducci\u00f3n a la caracterizaci\u00f3n b\u00e1sica de los derechos culturales -su fundamento, contenido, titularidad y las obligaciones estatales asociadas- tomando como referencia bibliogr\u00e1fica el Manual de derechos culturales (<a href=\"https:\/\/www.editorialteseo.com\/archivos\/38730\/manual-de-derechos-culturales\/\">https:\/\/www.editorialteseo.com\/archivos\/38730\/manual-de-derechos-culturales\/<\/a>), de modo que los\/as estudiantes cuenten con las categor\u00edas conceptuales necesarias para el trabajo de campo.<\/li>\n<li><strong><em>Encuentro de dise\u00f1o del instrumento y pautas para las entrevistas: <\/em><\/strong>de manera colaborativa, los\/as estudiantes elaborar\u00e1n el cuestionario a aplicar y recibir\u00e1n pautas metodol\u00f3gicas para la realizaci\u00f3n de las<\/li>\n<li><strong><em>Trabajo de campo: <\/em><\/strong>cada uno de los 5 grupos (de 2 integrantes) realizar\u00e1 una entrevista a una persona referente de un centro cultural u otro espacio comunitario de acceso a la cultura -seleccionada previamente por el equipo docente- y elaborar\u00e1 luego la desgrabaci\u00f3n correspondiente.<\/li>\n<\/ul>\n<p><strong><em>Encuentro de presentaci\u00f3n de resultados y cierre: <\/em><\/strong>cada grupo presentar\u00e1 un breve informe con los resultados obtenidos en base a la entrevista, que ser\u00e1 puesto en com\u00fan con el resto de los\/as participantes, propiciando una primera lectura colectiva sobre el estado de satisfacci\u00f3n de los derechos culturales relevado en los distintos espacios visitados.<\/p>\n<p>\u00a0<\/p>\n<p><strong>Cr\u00e9ditos PSE<\/strong><\/p>\n<p><strong>Cantidad de cr\u00e9ditos propuestos: <\/strong>0,5 CRE (a confirmar por la Secretar\u00eda de Extensi\u00f3n y Vinculaci\u00f3n).<\/p>\n<p>\u00a0<\/p>\n<p><strong>Modalidad y organizaci\u00f3n de los encuentros<\/strong><\/p>\n<ul>\n<li><strong>Modalidad: <\/strong><em>Presencial<\/em><\/li>\n<li><strong>Franja horaria: <\/strong><em>Ma\u00f1ana (10 a 12 )<\/em><\/li>\n<li><strong>Fechas estimadas de realizaci\u00f3n: <\/strong>del 1 de octubre al 12 de noviembre de 2026 (ver cronograma detallado en el punto 3).<\/li>\n<\/ul>\n<p><strong>Cupos: <\/strong><em>10 estudiantes (5 grupos de 2 integrantes).<\/em><\/p>\n<p>\u00a0<\/p>\n<p><strong>Requisitos<\/strong><\/p>\n<p><em>Indicar las asignaturas aprobadas y\/o en curso con las que deber\u00e1n contar las\/os estudiantes a la hora de inscribirse en la PSE. Los requisitos deber\u00e1n ser coherentes con los objetivos de la actividad.<\/em><\/p>\n<p>Tener aprobada la cursada o el final de Derecho de los Contratos &#8211; Parte Especial. Adem\u00e1s, deber\u00e1n presentar una breve nota de motivaci\u00f3n en la que expliciten su inter\u00e9s en participar de esta PSE.<\/p>\n<p>Se dar\u00e1 prioridad a estudiantes que hayan participado de otras l\u00edneas de PSE vinculadas al Centro Cultural Digital.<\/p>\n<p>\u00a0<\/p>\n<\/div>\n<\/div>\n<\/div>\n<\/div>\n<\/div>\n<\/section>\n<section class=\"elementor-section elementor-top-section elementor-element elementor-element-1e29862 elementor-section-boxed elementor-section-height-default elementor-section-height-default\" data-id=\"1e29862\" data-element_type=\"section\" data-e-type=\"section\">\n<div class=\"elementor-container elementor-column-gap-default\">\n<div class=\"elementor-column elementor-col-100 elementor-top-column elementor-element elementor-element-febd598\" data-id=\"febd598\" data-element_type=\"column\" data-e-type=\"column\">\n<div class=\"elementor-widget-wrap elementor-element-populated\">\n<div class=\"elementor-element elementor-element-ed6e9d1 elementor-widget__width-initial elementor-widget elementor-widget-text-editor\" data-id=\"ed6e9d1\" data-element_type=\"widget\" data-e-type=\"widget\" data-widget_type=\"text-editor.default\">\n<div class=\"elementor-widget-container\">\n<p><strong>CRONOGRAMA DE ACTIVIDADES<\/strong><\/p>\n<table>\n<tbody>\n<tr>\n<td width=\"284\">\n<p><strong>Actividad<\/strong><\/p>\n<\/td>\n<td width=\"283\">\n<p><strong>Fecha<\/strong><\/p>\n<\/td>\n<\/tr>\n<tr>\n<td width=\"284\">\n<p><strong>Encuentro 1 &#8211; <\/strong>Formaci\u00f3n introductoria sobre derechos culturales<\/p>\n<\/td>\n<td width=\"283\">\n<p>Jueves 24 de septiembre de 2026, 10 a<\/p>\n<p>12 hs.<\/p>\n<\/td>\n<\/tr>\n<tr>\n<td width=\"284\">\n<p><strong>Encuentro 2 &#8211; <\/strong>Dise\u00f1o colaborativo del<\/p>\n<p>cuestionario\u00a0\u00a0\u00a0\u00a0 y\u00a0\u00a0\u00a0\u00a0 pautas\u00a0\u00a0\u00a0\u00a0 para\u00a0\u00a0\u00a0\u00a0 las entrevistas<\/p>\n<\/td>\n<td width=\"283\">\n<p>Jueves 1 de octubre de 2026, 10 a 12 hs.<\/p>\n<\/td>\n<\/tr>\n<tr>\n<td width=\"284\">\n<p><em>Trabajo de campo &#8211; Realizaci\u00f3n de las entrevistas y desgrabaci\u00f3n<\/em><\/p>\n<\/td>\n<td width=\"283\">\n<p><em>Del 2 al 26 de octubre de 2026<\/em><\/p>\n<\/td>\n<\/tr>\n<tr>\n<td width=\"284\">\n<p><strong>Encuentro 3 &#8211; <\/strong>Puesta en com\u00fan de las desgrabaciones<\/p>\n<\/td>\n<td width=\"283\">\n<p>Jueves 29 de octubre de 2026, 10 a 12 hs.<\/p>\n<p><em>La<\/em><em>\u00a0\u00a0\u00a0\u00a0 entrevista\u00a0\u00a0\u00a0\u00a0 desgrabada\u00a0\u00a0\u00a0\u00a0\u00a0 deber\u00e1 compartirse antes del martes 27 de<\/em><\/p>\n<p><em>octubre<\/em><\/p>\n<\/td>\n<\/tr>\n<tr>\n<td width=\"284\">\n<p>Elaboraci\u00f3n del informe final por grupo<\/p>\n<\/td>\n<td width=\"283\">\n<p>Del 30 de octubre al 9 de noviembre de 2026<\/p>\n<p><em>El informe final deber\u00e1 compartirse antes del martes 10 de noviembre<\/em><\/p>\n<\/td>\n<\/tr>\n<tr>\n<td width=\"284\">\n<p>Encuentro 4 &#8211; Presentaci\u00f3n de los informes finales y cierre de la PSE<\/p>\n<\/td>\n<td width=\"283\">\n<p>Jueves 12 de noviembre de 2026, 10 a<\/p>\n<p>12 hs.<\/p>\n<\/td>\n<\/tr>\n<\/tbody>\n<\/table>\n<\/div>\n<h1><a href=\"https:\/\/rpse.der.unicen.edu.ar\/estudiantes\/inscripcion.php?tk=ca92308823c9d1036c9e64551d5a996d07e150e0\"><strong>INSCRIPCI\u00d3N AQU\u00cd<\/strong><\/a><\/h1>\n<\/div>\n<\/div>\n<\/div>\n<\/div>\n<\/section>\n\t\t\t\t\t\t\t\t<\/div>\n\t\t\t\t<\/div>\n\t\t\t\t\t<\/div>\n\t\t<\/div>\n\t\t\t\t\t<\/div>\n\t\t<\/section>\n\t\t\t\t<\/div>\n\t\t ","protected":false},"excerpt":{"rendered":"<p class=\"tx-excerpt\">Docente responsable Ezequiel Valicenti Equipo extensionistaEzequiel Valicenti (docente responsable); Rita Casta\u00f1o y Mat\u00edas Martel, no docentes de la Secretar\u00eda de Extensi\u00f3n y Vinculaci\u00f3n e integrantes...<\/p>","protected":false},"author":2,"featured_media":2166,"comment_status":"closed","ping_status":"closed","sticky":false,"template":"","format":"standard","meta":{"footnotes":""},"categories":[61],"tags":[],"class_list":["post-2058","post","type-post","status-publish","format-standard","has-post-thumbnail","hentry","category-info-para-ingresantes"],"_links":{"self":[{"href":"https:\/\/pse.der.unicen.edu.ar\/index.php?rest_route=\/wp\/v2\/posts\/2058","targetHints":{"allow":["GET"]}}],"collection":[{"href":"https:\/\/pse.der.unicen.edu.ar\/index.php?rest_route=\/wp\/v2\/posts"}],"about":[{"href":"https:\/\/pse.der.unicen.edu.ar\/index.php?rest_route=\/wp\/v2\/types\/post"}],"author":[{"embeddable":true,"href":"https:\/\/pse.der.unicen.edu.ar\/index.php?rest_route=\/wp\/v2\/users\/2"}],"replies":[{"embeddable":true,"href":"https:\/\/pse.der.unicen.edu.ar\/index.php?rest_route=%2Fwp%2Fv2%2Fcomments&post=2058"}],"version-history":[{"count":32,"href":"https:\/\/pse.der.unicen.edu.ar\/index.php?rest_route=\/wp\/v2\/posts\/2058\/revisions"}],"predecessor-version":[{"id":2214,"href":"https:\/\/pse.der.unicen.edu.ar\/index.php?rest_route=\/wp\/v2\/posts\/2058\/revisions\/2214"}],"wp:featuredmedia":[{"embeddable":true,"href":"https:\/\/pse.der.unicen.edu.ar\/index.php?rest_route=\/wp\/v2\/media\/2166"}],"wp:attachment":[{"href":"https:\/\/pse.der.unicen.edu.ar\/index.php?rest_route=%2Fwp%2Fv2%2Fmedia&parent=2058"}],"wp:term":[{"taxonomy":"category","embeddable":true,"href":"https:\/\/pse.der.unicen.edu.ar\/index.php?rest_route=%2Fwp%2Fv2%2Fcategories&post=2058"},{"taxonomy":"post_tag","embeddable":true,"href":"https:\/\/pse.der.unicen.edu.ar\/index.php?rest_route=%2Fwp%2Fv2%2Ftags&post=2058"}],"curies":[{"name":"wp","href":"https:\/\/api.w.org\/{rel}","templated":true}]}}